{"provider_url": "https://www.salmourao.sp.leg.br", "title": "Sess\u00e3o Solene de Posse", "html": "<p style=\"text-align: justify; \">Nesta quarta-feira, 05 de janeiro, a C\u00e2mara Municipal de Salmour\u00e3o realizar\u00e1 Sess\u00e3o Solene para posse das Senhoras S\u00f4nia Cristina Jacon Gabau e M\u00e1rcia Regina Pravato Rocha Peres, eleitas respectivamente aos cargos de Prefeita e Vice-Prefeita do munic\u00edpio de Salmour\u00e3o.</p>\r\n<p style=\"text-align: justify; \">A posse ocorrer\u00e1 ap\u00f3s a realiza\u00e7\u00e3o de elei\u00e7\u00f5es suplementares no dia 05 de dezembro de 2021, na qual sa\u00edram vencedoras e da necess\u00e1ria diploma\u00e7\u00e3o de ambas por parte da Justi\u00e7a Eleitoral.</p>\r\n<p style=\"text-align: justify; \">Na sess\u00e3o tamb\u00e9m ser\u00e1 escolhido o novo Presidente da C\u00e2mara, tendo em vista que a agora Prefeita eleita, era a Presidente do Legislativo e estava, de forma interina, no cargo de Prefeita Municipal.</p>\r\n<p style=\"text-align: justify; \">Tamb\u00e9m o suplente de vereador Edson Pereira da Cruz (PSDB) ser\u00e1 empossado definitivamente na vaga que era da Vereadora S\u00f4nia Cristina Jacon Gabau.</p>\r\n<p style=\"text-align: justify; \">A Sess\u00e3o Solene ser\u00e1 realizada no dia 05 de janeiro de 2022, \u00e0s 18 horas, no Plen\u00e1rio da C\u00e2mara Municipal de Salmour\u00e3o.</p>", "author_name": "", "version": "1.0", "author_url": "https://www.salmourao.sp.leg.br/author/adm", "provider_name": "C\u00e2mara Municipal de Salmour\u00e3o", "type": "rich"}