{"provider_url": "https://www.salmourao.sp.leg.br", "title": "NOTA DE PESAR", "html": "<p style=\"text-align: justify; \"><span>A C\u00e2mara Municipal de Salmour\u00e3o manifesta seu <b>profundo pesar</b> e consterna\u00e7\u00e3o pelo falecimento do senhor <b>Nivaldo Perez Parra</b>, ocorrido nesta quarta-feira, 26 de novembro de 2025.</span></p>\r\n<p style=\"text-align: justify; \"><span>O Sr. Nivaldo dedicou anos de sua vida p\u00fablica ao servi\u00e7o da comunidade de Salmour\u00e3o, exercendo fun\u00e7\u00f5es no servi\u00e7o p\u00fablico municipal e, na C\u00e2mara,.o cargo de Vereador por <b>tr\u00eas mandatos</b>, nos per\u00edodos de: 2001 a 2004; 2005 a 2008 e de 2017 a 2020.</span></p>\r\n<p style=\"text-align: justify; \"><span>Reconhecemos e agradecemos a valiosa contribui\u00e7\u00e3o do Sr. Nivaldo Perez Parra para o desenvolvimento de nosso munic\u00edpio. Sua atua\u00e7\u00e3o na Casa de Leis foi marcada pela dedica\u00e7\u00e3o e compromisso com o bem-estar da popula\u00e7\u00e3o.</span></p>\r\n<p style=\"text-align: justify; \"><span>Neste momento de luto e dor, a C\u00e2mara Municipal, em nome de todos os vereadores e servidores, presta suas mais sinceras <b>condol\u00eancias</b> e solidariedade aos familiares e amigos, com a esperan\u00e7a na ressurrei\u00e7\u00e3o revelada por Cristo.</span></p>\r\n<blockquote><span><i>Que sua mem\u00f3ria seja honrada e seu legado permane\u00e7a vivo entre todos que o conheceram.</i></span></blockquote>\r\n<blockquote><span><i><br /></i></span></blockquote>\r\n<p align=\"center\" style=\"text-align: justify; \">A C\u00e2mara decretou luto oficial de tr\u00eas dias no \u00e2mbito do Poder Legislativo e determinou a suspens\u00e3o do expediente durante as cerim\u00f4nias de vel\u00f3rio e sepultamento.\u00a0O Ato do Presidente pode ser acessado<strong><a class=\"external-link\" href=\"https://sapl.salmourao.sp.leg.br/norma/954\" target=\"_self\" title=\"\"> aqui.</a></strong></p>\r\n<p align=\"center\" class=\" \" style=\"text-align: justify; \"><span><b>Leandro de Paula -\u00a0</b></span><b>Presidente da C\u00e2mara Municipal de Salmour\u00e3o</b></p>", "author_name": "", "version": "1.0", "author_url": "https://www.salmourao.sp.leg.br/author/adm", "provider_name": "C\u00e2mara Municipal de Salmour\u00e3o", "type": "rich"}