{"provider_url": "https://www.salmourao.sp.leg.br", "title": "III Concurso Nacional de Fotografia", "html": "<p align=\"justify\"><span><span>Voc\u00ea \u00e9 daquelas pessoas que est\u00e3o sempre registrando em imagens o que acontece ao seu redor?</span></span></p>\r\n<p align=\"justify\"><span><span>O <i>Concurso de Fotografias Cidadania em Foco</i>, promovido pela Rede Nacional de Ouvidorias, chegou em sua \u00a0terceira edi\u00e7\u00e3o, e essa pode ser a sua chance de compartilhar o seu talento com todo o Brasil. </span></span></p>\r\n<p align=\"justify\"><span><span>Voc\u00ea poder\u00e1 inscrever a sua foto gratuitamente por meio do link <a href=\"https://www.gov.br/ouvidorias/pt-br/cidadao/concurso-de-fotografia/iii-concurso-de-fotografia\">https://www.gov.br/ouvidorias/pt-br/cidadao/concurso-de-fotografia/iii-concurso-de-fotografia</a> at\u00e9 24 de setembro de 2021, em qualquer uma dessas duas categorias:\u00a0 </span></span></p>\r\n<p align=\"justify\"><span><span><b>Xi...errou o foco!:</b></span></span> <span><span>categoria que contempla fotografias que mostrem situa\u00e7\u00f5es nas quais os servi\u00e7os e pol\u00edticas p\u00fablicas n\u00e3o est\u00e3o sendo executados adequadamente e, portanto, podem ser objeto de reivindica\u00e7\u00e3o de melhorias por meio dos instrumentos de participa\u00e7\u00e3o social;</span></span></p>\r\n<p align=\"justify\"><span><span><b>Mandou bem!:</b></span></span> <span><span>categoria que contempla fotografias que mostrem situa\u00e7\u00f5es nas quais os servi\u00e7os e pol\u00edticas p\u00fablicas est\u00e3o sendo executados adequadamente e atendendo \u00e0s necessidades da popula\u00e7\u00e3o ou que ilustrem a\u00e7\u00f5es positivas de iniciativa da pr\u00f3pria sociedade com a finalidade de melhorar o bem-estar de uma comunidade.</span></span></p>\r\n<p align=\"justify\"><span><span>Ser\u00e3o premiadas as 3 (tr\u00eas) melhores fotografias de cada categoria. O pr\u00eamio consistir\u00e1 em trof\u00e9u e certificado de reconhecimento, bem como a veicula\u00e7\u00e3o da fotografia nas publica\u00e7\u00f5es da Controladoria-Geral da Uni\u00e3o e da Rede Nacional de Ouvidorias.</span></span></p>\r\n<p align=\"justify\"><span><span>Saiba mais e participe!</span></span></p>\r\n<p align=\"justify\"><span><span><img src=\"https://www.salmourao.sp.leg.br/ConcursodeFotografia.jpg\" alt=\"\" class=\"image-inline\" title=\"\" /></span></span></p>", "author_name": "", "version": "1.0", "author_url": "https://www.salmourao.sp.leg.br/author/adm", "provider_name": "C\u00e2mara Municipal de Salmour\u00e3o", "type": "rich"}