{"provider_url": "https://www.salmourao.sp.leg.br", "title": "Confer\u00eancia Municipal de Sa\u00fade", "html": "<p>Prefeitura realizar\u00e1 no pr\u00f3ximo dia 09 de mar\u00e7o a Confer\u00eancia Municipal de Sa\u00fade com o tema: Garantir Direitos e Defender o SUS, a Vida e a Democracia. Amanh\u00e3 vai ser outro dia.</p>\r\n<p>O evento ser\u00e1 realizado na C\u00e2mara Municipal de Salmour\u00e3o e \u00e9 promovido pela Prefeitura Municipal de Salmour\u00e3o atrav\u00e9s da Secretaria de Sa\u00fade e do Conselho Municipal de Sa\u00fade.</p>\r\n<p>O evento \u00e9 aberto e toda a comunidade \u00e9 convidada a participar</p>", "author_name": "", "version": "1.0", "author_url": "https://www.salmourao.sp.leg.br/author/adm", "provider_name": "C\u00e2mara Municipal de Salmour\u00e3o", "type": "rich"}