{"provider_url": "https://www.salmourao.sp.leg.br", "title": "C\u00e2mara realizar\u00e1 Audi\u00eancia P\u00fablica", "html": "<p style=\"text-align: justify; \">Na pr\u00f3xima segunda-feira (28) a C\u00e2mara Municipal de Salmour\u00e3o realizar\u00e1 Audi\u00eancia P\u00fablica onde a Prefeitura Municipal apresentar\u00e1 o cumprimento das metas fiscais referentes ao segundo quadrimestre de 2015.</p>\r\n<p style=\"text-align: justify; \">A audi\u00eancia \u00e9 uma obriga\u00e7\u00e3o imposta pela Lei Complementar n<sup><span><span>o</span></span></sup> 101, Lei de Responsabilidade Fiscal, que prev\u00ea no <span><span>\u00a7</span></span>4<sup><span><span>o</span></span></sup> do art. 9<sup><span><span>o</span></span></sup>:</p>\r\n<p style=\"text-align: justify; \"><em>\u00a7 4</em><sup><span><span>o</span></span></sup><em> - At\u00e9 o final dos meses de maio, setembro e fevereiro, o Poder Executivo demonstrar\u00e1 e avaliar\u00e1 o cumprimento das metas fiscais de cada quadrimestre, em audi\u00eancia p\u00fablica na comiss\u00e3o referida no \u00a7 1 do art. 166 da Constitui\u00e7\u00e3o ou equivalente nas Casas Legislativas estaduais e municipais.</em></p>\r\n<p style=\"text-align: justify; \"><span><span>A audi\u00eancia ser\u00e1 realizada no dia 28 de setembro, \u00e0s 19 horas, no Plen\u00e1rio da C\u00e2mara Municipal de Salmour\u00e3o e \u00e9 aberta a toda a popula\u00e7\u00e3o de Salmour\u00e3o e demais interessados.<br /></span></span></p>", "author_name": "sal", "version": "1.0", "author_url": "https://www.salmourao.sp.leg.br/author/sal", "provider_name": "C\u00e2mara Municipal de Salmour\u00e3o", "type": "rich"}