{"provider_url": "https://www.salmourao.sp.leg.br", "title": "C\u00e2mara realizar\u00e1 1\u00aa Sess\u00e3o Ordin\u00e1ria", "html": "<p>Na pr\u00f3xima segunda-feira, 22 de fevereiro, a C\u00e2mara Municipal de Salmour\u00e3o voltar\u00e1 aos trabalhos legislativos com a realiza\u00e7\u00e3o da 1\u00aa Sess\u00e3o Ordin\u00e1ria de 2016.</p>\r\n<p>Trata-se de um ano importante e de grande expectativa devido a pr\u00f3ximidade das elei\u00e7\u00f5es municipais e a atual situa\u00e7\u00e3o econ\u00f4mica e pol\u00edtica de nosso pa\u00eds. \u00a0 </p>\r\n<p>Nesta sess\u00e3o ser\u00e3o apresentadas as contas da Prefeitura Municipal de Salmour\u00e3o, exerc\u00edcio de 2013, Processo TC-1871/026/13, que recebeu parecer favor\u00e1vel da Tribunal de Contas do Estado de S\u00e3o Paulo. Este parecer dever\u00e1 ser julgado pela C\u00e2mara Municipal no prazo de sessenta (60) dias e s\u00f3 poder\u00e1 ser rejeitado por maioria qualificada dos vereadores.</p>\r\n<p>A sess\u00e3o ter\u00e1 \u00ednicio \u00e0s 20 horas, no Plen\u00e1rio da C\u00e2mara Municipal de Salmour\u00e3o.</p>\r\n<p>Toda a popula\u00e7\u00e3o \u00e9 convidada.</p>", "author_name": "sal", "version": "1.0", "author_url": "https://www.salmourao.sp.leg.br/author/sal", "provider_name": "C\u00e2mara Municipal de Salmour\u00e3o", "type": "rich"}