{"provider_url": "https://www.salmourao.sp.leg.br", "title": "Calend\u00e1rio das Sess\u00f5es 2022", "html": "<h2><strong>Calend\u00e1rio das Sess\u00f5es Ordin\u00e1rias</strong></h2>\r\n<table class=\"plain\">\r\n<tbody>\r\n<tr><th>\r\n<h3>M\u00eas</h3>\r\n</th><th>\r\n<h3>Dias</h3>\r\n</th></tr>\r\n<tr>\r\n<td>Fevereiro</td>\r\n<td style=\"text-align: center; \">21</td>\r\n</tr>\r\n<tr>\r\n<td>Mar\u00e7o</td>\r\n<td style=\"text-align: center; \">14 e 28</td>\r\n</tr>\r\n<tr>\r\n<td>Abril</td>\r\n<td style=\"text-align: center; \">11 e 25</td>\r\n</tr>\r\n<tr>\r\n<td>Maio</td>\r\n<td style=\"text-align: center; \">09 e 23</td>\r\n</tr>\r\n<tr>\r\n<td>Junho</td>\r\n<td style=\"text-align: center; \">13 e 27</td>\r\n</tr>\r\n<tr>\r\n<td>Julho</td>\r\n<td style=\"text-align: center; \">Recesso Legislativo</td>\r\n</tr>\r\n<tr>\r\n<td>Agosto</td>\r\n<td style=\"text-align: center; \">08 e 22</td>\r\n</tr>\r\n<tr>\r\n<td>Setembro</td>\r\n<td style=\"text-align: center; \">12 e 26</td>\r\n</tr>\r\n<tr>\r\n<td>Outubro</td>\r\n<td style=\"text-align: center; \">10 e 24</td>\r\n</tr>\r\n<tr>\r\n<td>Novembro</td>\r\n<td style=\"text-align: center; \">14 e 28</td>\r\n</tr>\r\n<tr>\r\n<td>Dezembro</td>\r\n<td style=\"text-align: center; \">12</td>\r\n</tr>\r\n</tbody>\r\n</table>\r\n<p style=\"text-align: justify; \">Importante:</p>\r\n<p style=\"text-align: justify; \">1. As sess\u00f5es ordin\u00e1rias s\u00e3o abertas a popula\u00e7\u00e3o e se iniciam sempre as 20 horas.</p>\r\n<p style=\"text-align: justify; \">2. A C\u00e2mara tamb\u00e9m se re\u00fane em sess\u00f5es extraordin\u00e1rias. Essas sess\u00f5es s\u00e3o abertas a popula\u00e7\u00e3o e convocadas pelo Presidente, pelo Prefeito ou pelos vereadores seguindo o previsto no Regimento Interno da C\u00e2mara e servem para tratar de assuntos urgentes. Podem ser realizadas em qualquer dia e hor\u00e1rio.</p>\r\n<p style=\"text-align: justify; \">3. A C\u00e2mara ainda se re\u00fane em Comiss\u00f5es Permanentes, Tempor\u00e1rias e Especiais.</p>\r\n<p style=\"text-align: justify; \">3.1 As Comiss\u00f5es Permanentes se re\u00fanem sempre que exista alguma mat\u00e9ria legislativa (Ex. projeto de lei, projeto de resolu\u00e7\u00e3o) que precise de parecer e nos demais casos previstos no Regimento.</p>\r\n<p style=\"text-align: justify; \">3.1 As Comiss\u00f5es Tempor\u00e1rias e Especiais s\u00e3o constitu\u00eddas somente nos casos previstos no Regimento Interno da C\u00e2mara e servem para representa\u00e7\u00e3o, investiga\u00e7\u00e3o e cassa\u00e7\u00e3o de mandato.</p>", "author_name": "", "version": "1.0", "author_url": "https://www.salmourao.sp.leg.br/author/adm", "provider_name": "C\u00e2mara Municipal de Salmour\u00e3o", "type": "rich"}