{"provider_url": "https://www.salmourao.sp.leg.br", "title": "Calend\u00e1rio das Sess\u00f5es 2019", "html": "<h3><strong>Calend\u00e1rio das Sess\u00f5es Ordin\u00e1rias de 2019</strong></h3>\r\n<table class=\"plain\">\r\n<tbody>\r\n<tr><th>M\u00eas</th><th>Dias</th><th>M\u00eas</th><th>Dias</th></tr>\r\n<tr>\r\n<td>Janeiro</td>\r\n<td>Recesso</td>\r\n<td>Julho</td>\r\n<td>Recesso</td>\r\n</tr>\r\n<tr>\r\n<td>Fevereiro</td>\r\n<td>25</td>\r\n<td>Agosto</td>\r\n<td>12 e 26</td>\r\n</tr>\r\n<tr>\r\n<td>Mar\u00e7o</td>\r\n<td>11 e 25</td>\r\n<td>Setembro</td>\r\n<td>09 e 23</td>\r\n</tr>\r\n<tr>\r\n<td>Abril</td>\r\n<td>08 e 22</td>\r\n<td>Outubro</td>\r\n<td>14 e 29</td>\r\n</tr>\r\n<tr>\r\n<td>Maio</td>\r\n<td>13 e 27</td>\r\n<td>Novembro</td>\r\n<td>11 e 25</td>\r\n</tr>\r\n<tr>\r\n<td>Junho</td>\r\n<td>10 e 25</td>\r\n<td>Dezembro</td>\r\n<td>09</td>\r\n</tr>\r\n</tbody>\r\n</table>\r\n<p>As sess\u00f5es ordin\u00e1rias tem in\u00edcio \u00e0s 20h.</p>", "author_name": "sal", "version": "1.0", "author_url": "https://www.salmourao.sp.leg.br/author/sal", "provider_name": "C\u00e2mara Municipal de Salmour\u00e3o", "type": "rich"}